{"id":21192,"date":"2021-11-07T12:11:11","date_gmt":"2021-11-07T11:11:11","guid":{"rendered":"http:\/\/vespaclubmons.be\/?p=21192"},"modified":"2021-11-07T12:11:11","modified_gmt":"2021-11-07T11:11:11","slug":"repas-de-cloture-de-saison-vespa-2021du-vcmb","status":"publish","type":"post","link":"https:\/\/histoire.easyaccess2web.com\/vespa\/2021\/11\/07\/repas-de-cloture-de-saison-vespa-2021du-vcmb\/","title":{"rendered":"Repas de Cl\u00f4ture de la Saison Vespa 2021du VCMB"},"content":{"rendered":"<section class=\"wpb-content-wrapper\">[vc_row][vc_column width=\u00a0\u00bb1\/1&Prime;][vc_column_text]Pour cl\u00f4turer la Saison 2021, les membres du VCMB \u00e9taient invit\u00e9s \u00e0 un repas convivial o\u00f9 tous pouvaient \u00eatre rassembl\u00e9s. L&rsquo;occasion pour chacun de se rem\u00e9morer les bons moments d&rsquo;une demi-saison Vespa due aux contraintes sanitaires li\u00e9es au COVID 19.<br \/>\nEt de terminer la soir\u00e9e en chansons ! A l&rsquo;an prochain&#8230;<\/p>\n<p>Voir les photos, c&rsquo;est simple en ouvrant une nouvelle fen\u00eatre sur votre navigateur et y copier coller ce lien : https:\/\/photos.app.goo.gl\/A8xBN6rftHCDHpuc6[\/vc_column_text][\/vc_column][\/vc_row]\n<\/section>","protected":false},"excerpt":{"rendered":"<p>[vc_row][vc_column width=\u00a0\u00bb1\/1&Prime;][vc_column_text]Pour cl\u00f4turer la Saison 2021, les membres du VCMB \u00e9taient invit\u00e9s \u00e0 un repas convivial o\u00f9 tous pouvaient \u00eatre rassembl\u00e9s. L&rsquo;occasion pour chacun de se rem\u00e9morer les bons moments d&rsquo;une demi-saison Vespa due aux contraintes sanitaires li\u00e9es au COVID 19. Et de terminer la&#8230;<\/p>\n","protected":false},"author":650,"featured_media":21193,"comment_status":"open","ping_status":"open","sticky":false,"template":"","format":"standard","meta":{"footnotes":""},"categories":[2],"tags":[],"class_list":["post-21192","post","type-post","status-publish","format-standard","has-post-thumbnail","hentry","category-news"],"yoast_head":"<!-- This site is optimized with the Yoast SEO plugin v27.4 - https:\/\/yoast.com\/product\/yoast-seo-wordpress\/ -->\n<title>Repas de Cl\u00f4ture de la Saison Vespa 2021du VCMB - vespa<\/title>\n<meta name=\"robots\" content=\"index, follow, max-snippet:-1, max-image-preview:large, max-video-preview:-1\" \/>\n<link rel=\"canonical\" href=\"https:\/\/histoire.easyaccess2web.com\/vespa\/2021\/11\/07\/repas-de-cloture-de-saison-vespa-2021du-vcmb\/\" \/>\n<meta property=\"og:locale\" content=\"fr_FR\" \/>\n<meta property=\"og:type\" content=\"article\" \/>\n<meta property=\"og:title\" content=\"Repas de Cl\u00f4ture de la Saison Vespa 2021du VCMB - vespa\" \/>\n<meta property=\"og:description\" content=\"[vc_row][vc_column width=\u00a0\u00bb1\/1&Prime;][vc_column_text]Pour cl\u00f4turer la Saison 2021, les membres du VCMB \u00e9taient invit\u00e9s \u00e0 un repas convivial o\u00f9 tous pouvaient \u00eatre rassembl\u00e9s. L&rsquo;occasion pour chacun de se rem\u00e9morer les bons moments d&rsquo;une demi-saison Vespa due aux contraintes sanitaires li\u00e9es au COVID 19. Et de terminer la...\" \/>\n<meta property=\"og:url\" content=\"https:\/\/histoire.easyaccess2web.com\/vespa\/2021\/11\/07\/repas-de-cloture-de-saison-vespa-2021du-vcmb\/\" \/>\n<meta property=\"og:site_name\" content=\"vespa\" \/>\n<meta property=\"article:published_time\" content=\"2021-11-07T11:11:11+00:00\" \/>\n<meta property=\"og:image\" content=\"https:\/\/histoire.easyaccess2web.com\/vespa\/wp-content\/uploads\/sites\/40\/2021\/11\/123-fete.png\" \/>\n\t<meta property=\"og:image:width\" content=\"261\" \/>\n\t<meta property=\"og:image:height\" content=\"238\" \/>\n\t<meta property=\"og:image:type\" content=\"image\/png\" \/>\n<meta name=\"author\" content=\"vespamons\" \/>\n<meta name=\"twitter:card\" content=\"summary_large_image\" \/>\n<meta name=\"twitter:label1\" content=\"\u00c9crit par\" \/>\n\t<meta name=\"twitter:data1\" content=\"vespamons\" \/>\n<script type=\"application\/ld+json\" class=\"yoast-schema-graph\">{\"@context\":\"https:\\\/\\\/schema.org\",\"@graph\":[{\"@type\":\"Article\",\"@id\":\"https:\\\/\\\/histoire.easyaccess2web.com\\\/vespa\\\/2021\\\/11\\\/07\\\/repas-de-cloture-de-saison-vespa-2021du-vcmb\\\/#article\",\"isPartOf\":{\"@id\":\"https:\\\/\\\/histoire.easyaccess2web.com\\\/vespa\\\/2021\\\/11\\\/07\\\/repas-de-cloture-de-saison-vespa-2021du-vcmb\\\/\"},\"author\":{\"name\":\"vespamons\",\"@id\":\"https:\\\/\\\/histoire.easyaccess2web.com\\\/vespa\\\/#\\\/schema\\\/person\\\/25de937c7fdb73f59fd4688e77e80a52\"},\"headline\":\"Repas de Cl\u00f4ture de la Saison Vespa 2021du VCMB\",\"datePublished\":\"2021-11-07T11:11:11+00:00\",\"mainEntityOfPage\":{\"@id\":\"https:\\\/\\\/histoire.easyaccess2web.com\\\/vespa\\\/2021\\\/11\\\/07\\\/repas-de-cloture-de-saison-vespa-2021du-vcmb\\\/\"},\"wordCount\":110,\"commentCount\":0,\"image\":{\"@id\":\"https:\\\/\\\/histoire.easyaccess2web.com\\\/vespa\\\/2021\\\/11\\\/07\\\/repas-de-cloture-de-saison-vespa-2021du-vcmb\\\/#primaryimage\"},\"thumbnailUrl\":\"https:\\\/\\\/histoire.easyaccess2web.com\\\/vespa\\\/wp-content\\\/uploads\\\/sites\\\/40\\\/2021\\\/11\\\/123-fete.png\",\"articleSection\":[\"news\"],\"inLanguage\":\"fr-FR\",\"potentialAction\":[{\"@type\":\"CommentAction\",\"name\":\"Comment\",\"target\":[\"https:\\\/\\\/histoire.easyaccess2web.com\\\/vespa\\\/2021\\\/11\\\/07\\\/repas-de-cloture-de-saison-vespa-2021du-vcmb\\\/#respond\"]}]},{\"@type\":\"WebPage\",\"@id\":\"https:\\\/\\\/histoire.easyaccess2web.com\\\/vespa\\\/2021\\\/11\\\/07\\\/repas-de-cloture-de-saison-vespa-2021du-vcmb\\\/\",\"url\":\"https:\\\/\\\/histoire.easyaccess2web.com\\\/vespa\\\/2021\\\/11\\\/07\\\/repas-de-cloture-de-saison-vespa-2021du-vcmb\\\/\",\"name\":\"Repas de Cl\u00f4ture de la Saison Vespa 2021du VCMB - vespa\",\"isPartOf\":{\"@id\":\"https:\\\/\\\/histoire.easyaccess2web.com\\\/vespa\\\/#website\"},\"primaryImageOfPage\":{\"@id\":\"https:\\\/\\\/histoire.easyaccess2web.com\\\/vespa\\\/2021\\\/11\\\/07\\\/repas-de-cloture-de-saison-vespa-2021du-vcmb\\\/#primaryimage\"},\"image\":{\"@id\":\"https:\\\/\\\/histoire.easyaccess2web.com\\\/vespa\\\/2021\\\/11\\\/07\\\/repas-de-cloture-de-saison-vespa-2021du-vcmb\\\/#primaryimage\"},\"thumbnailUrl\":\"https:\\\/\\\/histoire.easyaccess2web.com\\\/vespa\\\/wp-content\\\/uploads\\\/sites\\\/40\\\/2021\\\/11\\\/123-fete.png\",\"datePublished\":\"2021-11-07T11:11:11+00:00\",\"author\":{\"@id\":\"https:\\\/\\\/histoire.easyaccess2web.com\\\/vespa\\\/#\\\/schema\\\/person\\\/25de937c7fdb73f59fd4688e77e80a52\"},\"breadcrumb\":{\"@id\":\"https:\\\/\\\/histoire.easyaccess2web.com\\\/vespa\\\/2021\\\/11\\\/07\\\/repas-de-cloture-de-saison-vespa-2021du-vcmb\\\/#breadcrumb\"},\"inLanguage\":\"fr-FR\",\"potentialAction\":[{\"@type\":\"ReadAction\",\"target\":[\"https:\\\/\\\/histoire.easyaccess2web.com\\\/vespa\\\/2021\\\/11\\\/07\\\/repas-de-cloture-de-saison-vespa-2021du-vcmb\\\/\"]}]},{\"@type\":\"ImageObject\",\"inLanguage\":\"fr-FR\",\"@id\":\"https:\\\/\\\/histoire.easyaccess2web.com\\\/vespa\\\/2021\\\/11\\\/07\\\/repas-de-cloture-de-saison-vespa-2021du-vcmb\\\/#primaryimage\",\"url\":\"https:\\\/\\\/histoire.easyaccess2web.com\\\/vespa\\\/wp-content\\\/uploads\\\/sites\\\/40\\\/2021\\\/11\\\/123-fete.png\",\"contentUrl\":\"https:\\\/\\\/histoire.easyaccess2web.com\\\/vespa\\\/wp-content\\\/uploads\\\/sites\\\/40\\\/2021\\\/11\\\/123-fete.png\",\"width\":261,\"height\":238},{\"@type\":\"BreadcrumbList\",\"@id\":\"https:\\\/\\\/histoire.easyaccess2web.com\\\/vespa\\\/2021\\\/11\\\/07\\\/repas-de-cloture-de-saison-vespa-2021du-vcmb\\\/#breadcrumb\",\"itemListElement\":[{\"@type\":\"ListItem\",\"position\":1,\"name\":\"Accueil\",\"item\":\"https:\\\/\\\/histoire.easyaccess2web.com\\\/vespa\\\/\"},{\"@type\":\"ListItem\",\"position\":2,\"name\":\"Repas de Cl\u00f4ture de la Saison Vespa 2021du VCMB\"}]},{\"@type\":\"WebSite\",\"@id\":\"https:\\\/\\\/histoire.easyaccess2web.com\\\/vespa\\\/#website\",\"url\":\"https:\\\/\\\/histoire.easyaccess2web.com\\\/vespa\\\/\",\"name\":\"vespa\",\"description\":\"\",\"potentialAction\":[{\"@type\":\"SearchAction\",\"target\":{\"@type\":\"EntryPoint\",\"urlTemplate\":\"https:\\\/\\\/histoire.easyaccess2web.com\\\/vespa\\\/?s={search_term_string}\"},\"query-input\":{\"@type\":\"PropertyValueSpecification\",\"valueRequired\":true,\"valueName\":\"search_term_string\"}}],\"inLanguage\":\"fr-FR\"},{\"@type\":\"Person\",\"@id\":\"https:\\\/\\\/histoire.easyaccess2web.com\\\/vespa\\\/#\\\/schema\\\/person\\\/25de937c7fdb73f59fd4688e77e80a52\",\"name\":\"vespamons\",\"image\":{\"@type\":\"ImageObject\",\"inLanguage\":\"fr-FR\",\"@id\":\"https:\\\/\\\/secure.gravatar.com\\\/avatar\\\/?s=96&d=mm&r=g\",\"url\":\"https:\\\/\\\/secure.gravatar.com\\\/avatar\\\/?s=96&d=mm&r=g\",\"contentUrl\":\"https:\\\/\\\/secure.gravatar.com\\\/avatar\\\/?s=96&d=mm&r=g\",\"caption\":\"vespamons\"},\"url\":\"https:\\\/\\\/histoire.easyaccess2web.com\\\/vespa\\\/author\\\/vespamons\\\/\"}]}<\/script>\n<!-- \/ Yoast SEO plugin. -->","yoast_head_json":{"title":"Repas de Cl\u00f4ture de la Saison Vespa 2021du VCMB - vespa","robots":{"index":"index","follow":"follow","max-snippet":"max-snippet:-1","max-image-preview":"max-image-preview:large","max-video-preview":"max-video-preview:-1"},"canonical":"https:\/\/histoire.easyaccess2web.com\/vespa\/2021\/11\/07\/repas-de-cloture-de-saison-vespa-2021du-vcmb\/","og_locale":"fr_FR","og_type":"article","og_title":"Repas de Cl\u00f4ture de la Saison Vespa 2021du VCMB - vespa","og_description":"[vc_row][vc_column width=\u00a0\u00bb1\/1&Prime;][vc_column_text]Pour cl\u00f4turer la Saison 2021, les membres du VCMB \u00e9taient invit\u00e9s \u00e0 un repas convivial o\u00f9 tous pouvaient \u00eatre rassembl\u00e9s. L&rsquo;occasion pour chacun de se rem\u00e9morer les bons moments d&rsquo;une demi-saison Vespa due aux contraintes sanitaires li\u00e9es au COVID 19. Et de terminer la...","og_url":"https:\/\/histoire.easyaccess2web.com\/vespa\/2021\/11\/07\/repas-de-cloture-de-saison-vespa-2021du-vcmb\/","og_site_name":"vespa","article_published_time":"2021-11-07T11:11:11+00:00","og_image":[{"width":261,"height":238,"url":"https:\/\/histoire.easyaccess2web.com\/vespa\/wp-content\/uploads\/sites\/40\/2021\/11\/123-fete.png","type":"image\/png"}],"author":"vespamons","twitter_card":"summary_large_image","twitter_misc":{"\u00c9crit par":"vespamons"},"schema":{"@context":"https:\/\/schema.org","@graph":[{"@type":"Article","@id":"https:\/\/histoire.easyaccess2web.com\/vespa\/2021\/11\/07\/repas-de-cloture-de-saison-vespa-2021du-vcmb\/#article","isPartOf":{"@id":"https:\/\/histoire.easyaccess2web.com\/vespa\/2021\/11\/07\/repas-de-cloture-de-saison-vespa-2021du-vcmb\/"},"author":{"name":"vespamons","@id":"https:\/\/histoire.easyaccess2web.com\/vespa\/#\/schema\/person\/25de937c7fdb73f59fd4688e77e80a52"},"headline":"Repas de Cl\u00f4ture de la Saison Vespa 2021du VCMB","datePublished":"2021-11-07T11:11:11+00:00","mainEntityOfPage":{"@id":"https:\/\/histoire.easyaccess2web.com\/vespa\/2021\/11\/07\/repas-de-cloture-de-saison-vespa-2021du-vcmb\/"},"wordCount":110,"commentCount":0,"image":{"@id":"https:\/\/histoire.easyaccess2web.com\/vespa\/2021\/11\/07\/repas-de-cloture-de-saison-vespa-2021du-vcmb\/#primaryimage"},"thumbnailUrl":"https:\/\/histoire.easyaccess2web.com\/vespa\/wp-content\/uploads\/sites\/40\/2021\/11\/123-fete.png","articleSection":["news"],"inLanguage":"fr-FR","potentialAction":[{"@type":"CommentAction","name":"Comment","target":["https:\/\/histoire.easyaccess2web.com\/vespa\/2021\/11\/07\/repas-de-cloture-de-saison-vespa-2021du-vcmb\/#respond"]}]},{"@type":"WebPage","@id":"https:\/\/histoire.easyaccess2web.com\/vespa\/2021\/11\/07\/repas-de-cloture-de-saison-vespa-2021du-vcmb\/","url":"https:\/\/histoire.easyaccess2web.com\/vespa\/2021\/11\/07\/repas-de-cloture-de-saison-vespa-2021du-vcmb\/","name":"Repas de Cl\u00f4ture de la Saison Vespa 2021du VCMB - vespa","isPartOf":{"@id":"https:\/\/histoire.easyaccess2web.com\/vespa\/#website"},"primaryImageOfPage":{"@id":"https:\/\/histoire.easyaccess2web.com\/vespa\/2021\/11\/07\/repas-de-cloture-de-saison-vespa-2021du-vcmb\/#primaryimage"},"image":{"@id":"https:\/\/histoire.easyaccess2web.com\/vespa\/2021\/11\/07\/repas-de-cloture-de-saison-vespa-2021du-vcmb\/#primaryimage"},"thumbnailUrl":"https:\/\/histoire.easyaccess2web.com\/vespa\/wp-content\/uploads\/sites\/40\/2021\/11\/123-fete.png","datePublished":"2021-11-07T11:11:11+00:00","author":{"@id":"https:\/\/histoire.easyaccess2web.com\/vespa\/#\/schema\/person\/25de937c7fdb73f59fd4688e77e80a52"},"breadcrumb":{"@id":"https:\/\/histoire.easyaccess2web.com\/vespa\/2021\/11\/07\/repas-de-cloture-de-saison-vespa-2021du-vcmb\/#breadcrumb"},"inLanguage":"fr-FR","potentialAction":[{"@type":"ReadAction","target":["https:\/\/histoire.easyaccess2web.com\/vespa\/2021\/11\/07\/repas-de-cloture-de-saison-vespa-2021du-vcmb\/"]}]},{"@type":"ImageObject","inLanguage":"fr-FR","@id":"https:\/\/histoire.easyaccess2web.com\/vespa\/2021\/11\/07\/repas-de-cloture-de-saison-vespa-2021du-vcmb\/#primaryimage","url":"https:\/\/histoire.easyaccess2web.com\/vespa\/wp-content\/uploads\/sites\/40\/2021\/11\/123-fete.png","contentUrl":"https:\/\/histoire.easyaccess2web.com\/vespa\/wp-content\/uploads\/sites\/40\/2021\/11\/123-fete.png","width":261,"height":238},{"@type":"BreadcrumbList","@id":"https:\/\/histoire.easyaccess2web.com\/vespa\/2021\/11\/07\/repas-de-cloture-de-saison-vespa-2021du-vcmb\/#breadcrumb","itemListElement":[{"@type":"ListItem","position":1,"name":"Accueil","item":"https:\/\/histoire.easyaccess2web.com\/vespa\/"},{"@type":"ListItem","position":2,"name":"Repas de Cl\u00f4ture de la Saison Vespa 2021du VCMB"}]},{"@type":"WebSite","@id":"https:\/\/histoire.easyaccess2web.com\/vespa\/#website","url":"https:\/\/histoire.easyaccess2web.com\/vespa\/","name":"vespa","description":"","potentialAction":[{"@type":"SearchAction","target":{"@type":"EntryPoint","urlTemplate":"https:\/\/histoire.easyaccess2web.com\/vespa\/?s={search_term_string}"},"query-input":{"@type":"PropertyValueSpecification","valueRequired":true,"valueName":"search_term_string"}}],"inLanguage":"fr-FR"},{"@type":"Person","@id":"https:\/\/histoire.easyaccess2web.com\/vespa\/#\/schema\/person\/25de937c7fdb73f59fd4688e77e80a52","name":"vespamons","image":{"@type":"ImageObject","inLanguage":"fr-FR","@id":"https:\/\/secure.gravatar.com\/avatar\/?s=96&d=mm&r=g","url":"https:\/\/secure.gravatar.com\/avatar\/?s=96&d=mm&r=g","contentUrl":"https:\/\/secure.gravatar.com\/avatar\/?s=96&d=mm&r=g","caption":"vespamons"},"url":"https:\/\/histoire.easyaccess2web.com\/vespa\/author\/vespamons\/"}]}},"_links":{"self":[{"href":"https:\/\/histoire.easyaccess2web.com\/vespa\/wp-json\/wp\/v2\/posts\/21192","targetHints":{"allow":["GET"]}}],"collection":[{"href":"https:\/\/histoire.easyaccess2web.com\/vespa\/wp-json\/wp\/v2\/posts"}],"about":[{"href":"https:\/\/histoire.easyaccess2web.com\/vespa\/wp-json\/wp\/v2\/types\/post"}],"author":[{"embeddable":true,"href":"https:\/\/histoire.easyaccess2web.com\/vespa\/wp-json\/wp\/v2\/users\/650"}],"replies":[{"embeddable":true,"href":"https:\/\/histoire.easyaccess2web.com\/vespa\/wp-json\/wp\/v2\/comments?post=21192"}],"version-history":[{"count":0,"href":"https:\/\/histoire.easyaccess2web.com\/vespa\/wp-json\/wp\/v2\/posts\/21192\/revisions"}],"wp:featuredmedia":[{"embeddable":true,"href":"https:\/\/histoire.easyaccess2web.com\/vespa\/wp-json\/wp\/v2\/media\/21193"}],"wp:attachment":[{"href":"https:\/\/histoire.easyaccess2web.com\/vespa\/wp-json\/wp\/v2\/media?parent=21192"}],"wp:term":[{"taxonomy":"category","embeddable":true,"href":"https:\/\/histoire.easyaccess2web.com\/vespa\/wp-json\/wp\/v2\/categories?post=21192"},{"taxonomy":"post_tag","embeddable":true,"href":"https:\/\/histoire.easyaccess2web.com\/vespa\/wp-json\/wp\/v2\/tags?post=21192"}],"curies":[{"name":"wp","href":"https:\/\/api.w.org\/{rel}","templated":true}]}}