{"id":21188,"date":"2021-10-27T18:45:11","date_gmt":"2021-10-27T17:45:11","guid":{"rendered":"http:\/\/vespaclubmons.be\/?p=21188"},"modified":"2021-10-27T18:45:11","modified_gmt":"2021-10-27T17:45:11","slug":"rallye-vc-bernissart-19-septembre-2021","status":"publish","type":"post","link":"https:\/\/histoire.easyaccess2web.com\/vespa\/2021\/10\/27\/rallye-vc-bernissart-19-septembre-2021\/","title":{"rendered":"Rallye VC Bernissart, le 19 septembre 2021"},"content":{"rendered":"<section class=\"wpb-content-wrapper\">[vc_row][vc_column width=\u00a0\u00bb1\/1&Prime;][vc_column_text]Tr\u00e8s belle \u00e9dition pour le 1er Rallye de nos Voisins. A l&rsquo;ann\u00e9e prochaine!<\/p>\n<p>Pour les photos, merci de copier et coller ce lien dans une nouvelle fen\u00eatre de votre navigateur :<\/p>\n<p>https:\/\/photos.app.goo.gl\/erfjSLdfwrzhrB4H7[\/vc_column_text][\/vc_column][\/vc_row][vc_row][vc_column width=\u00a0\u00bb1\/1&Prime;][\/vc_column][\/vc_row]\n<\/section>","protected":false},"excerpt":{"rendered":"<p>[vc_row][vc_column width=\u00a0\u00bb1\/1&Prime;][vc_column_text]Tr\u00e8s belle \u00e9dition pour le 1er Rallye de nos Voisins. A l&rsquo;ann\u00e9e prochaine! Pour les photos, merci de copier et coller ce lien dans une nouvelle fen\u00eatre de votre navigateur : https:\/\/photos.app.goo.gl\/erfjSLdfwrzhrB4H7[\/vc_column_text][\/vc_column][\/vc_row][vc_row][vc_column width=\u00a0\u00bb1\/1&Prime;][\/vc_column][\/vc_row]<\/p>\n","protected":false},"author":650,"featured_media":21185,"comment_status":"open","ping_status":"open","sticky":false,"template":"","format":"standard","meta":{"footnotes":""},"categories":[2],"tags":[],"class_list":["post-21188","post","type-post","status-publish","format-standard","has-post-thumbnail","hentry","category-news"],"yoast_head":"<!-- This site is optimized with the Yoast SEO plugin v27.4 - https:\/\/yoast.com\/product\/yoast-seo-wordpress\/ -->\n<title>Rallye VC Bernissart, le 19 septembre 2021 - vespa<\/title>\n<meta name=\"robots\" content=\"index, follow, max-snippet:-1, max-image-preview:large, max-video-preview:-1\" \/>\n<link rel=\"canonical\" href=\"https:\/\/histoire.easyaccess2web.com\/vespa\/2021\/10\/27\/rallye-vc-bernissart-19-septembre-2021\/\" \/>\n<meta property=\"og:locale\" content=\"fr_FR\" \/>\n<meta property=\"og:type\" content=\"article\" \/>\n<meta property=\"og:title\" content=\"Rallye VC Bernissart, le 19 septembre 2021 - vespa\" \/>\n<meta property=\"og:description\" content=\"[vc_row][vc_column width=\u00a0\u00bb1\/1&Prime;][vc_column_text]Tr\u00e8s belle \u00e9dition pour le 1er Rallye de nos Voisins. A l&rsquo;ann\u00e9e prochaine! Pour les photos, merci de copier et coller ce lien dans une nouvelle fen\u00eatre de votre navigateur : https:\/\/photos.app.goo.gl\/erfjSLdfwrzhrB4H7[\/vc_column_text][\/vc_column][\/vc_row][vc_row][vc_column width=\u00a0\u00bb1\/1&Prime;][\/vc_column][\/vc_row]\" \/>\n<meta property=\"og:url\" content=\"https:\/\/histoire.easyaccess2web.com\/vespa\/2021\/10\/27\/rallye-vc-bernissart-19-septembre-2021\/\" \/>\n<meta property=\"og:site_name\" content=\"vespa\" \/>\n<meta property=\"article:published_time\" content=\"2021-10-27T17:45:11+00:00\" \/>\n<meta property=\"og:image\" content=\"https:\/\/histoire.easyaccess2web.com\/vespa\/wp-content\/uploads\/sites\/40\/2021\/10\/Rallye-VC-Bernissart.1.jpg\" \/>\n\t<meta property=\"og:image:width\" content=\"1440\" \/>\n\t<meta property=\"og:image:height\" content=\"915\" \/>\n\t<meta property=\"og:image:type\" content=\"image\/jpeg\" \/>\n<meta name=\"author\" content=\"vespamons\" \/>\n<meta name=\"twitter:card\" content=\"summary_large_image\" \/>\n<meta name=\"twitter:label1\" content=\"\u00c9crit par\" \/>\n\t<meta name=\"twitter:data1\" content=\"vespamons\" \/>\n<script type=\"application\/ld+json\" class=\"yoast-schema-graph\">{\"@context\":\"https:\\\/\\\/schema.org\",\"@graph\":[{\"@type\":\"Article\",\"@id\":\"https:\\\/\\\/histoire.easyaccess2web.com\\\/vespa\\\/2021\\\/10\\\/27\\\/rallye-vc-bernissart-19-septembre-2021\\\/#article\",\"isPartOf\":{\"@id\":\"https:\\\/\\\/histoire.easyaccess2web.com\\\/vespa\\\/2021\\\/10\\\/27\\\/rallye-vc-bernissart-19-septembre-2021\\\/\"},\"author\":{\"name\":\"vespamons\",\"@id\":\"https:\\\/\\\/histoire.easyaccess2web.com\\\/vespa\\\/#\\\/schema\\\/person\\\/25de937c7fdb73f59fd4688e77e80a52\"},\"headline\":\"Rallye VC Bernissart, le 19 septembre 2021\",\"datePublished\":\"2021-10-27T17:45:11+00:00\",\"mainEntityOfPage\":{\"@id\":\"https:\\\/\\\/histoire.easyaccess2web.com\\\/vespa\\\/2021\\\/10\\\/27\\\/rallye-vc-bernissart-19-septembre-2021\\\/\"},\"wordCount\":70,\"commentCount\":0,\"image\":{\"@id\":\"https:\\\/\\\/histoire.easyaccess2web.com\\\/vespa\\\/2021\\\/10\\\/27\\\/rallye-vc-bernissart-19-septembre-2021\\\/#primaryimage\"},\"thumbnailUrl\":\"https:\\\/\\\/histoire.easyaccess2web.com\\\/vespa\\\/wp-content\\\/uploads\\\/sites\\\/40\\\/2021\\\/10\\\/Rallye-VC-Bernissart.1.jpg\",\"articleSection\":[\"news\"],\"inLanguage\":\"fr-FR\",\"potentialAction\":[{\"@type\":\"CommentAction\",\"name\":\"Comment\",\"target\":[\"https:\\\/\\\/histoire.easyaccess2web.com\\\/vespa\\\/2021\\\/10\\\/27\\\/rallye-vc-bernissart-19-septembre-2021\\\/#respond\"]}]},{\"@type\":\"WebPage\",\"@id\":\"https:\\\/\\\/histoire.easyaccess2web.com\\\/vespa\\\/2021\\\/10\\\/27\\\/rallye-vc-bernissart-19-septembre-2021\\\/\",\"url\":\"https:\\\/\\\/histoire.easyaccess2web.com\\\/vespa\\\/2021\\\/10\\\/27\\\/rallye-vc-bernissart-19-septembre-2021\\\/\",\"name\":\"Rallye VC Bernissart, le 19 septembre 2021 - vespa\",\"isPartOf\":{\"@id\":\"https:\\\/\\\/histoire.easyaccess2web.com\\\/vespa\\\/#website\"},\"primaryImageOfPage\":{\"@id\":\"https:\\\/\\\/histoire.easyaccess2web.com\\\/vespa\\\/2021\\\/10\\\/27\\\/rallye-vc-bernissart-19-septembre-2021\\\/#primaryimage\"},\"image\":{\"@id\":\"https:\\\/\\\/histoire.easyaccess2web.com\\\/vespa\\\/2021\\\/10\\\/27\\\/rallye-vc-bernissart-19-septembre-2021\\\/#primaryimage\"},\"thumbnailUrl\":\"https:\\\/\\\/histoire.easyaccess2web.com\\\/vespa\\\/wp-content\\\/uploads\\\/sites\\\/40\\\/2021\\\/10\\\/Rallye-VC-Bernissart.1.jpg\",\"datePublished\":\"2021-10-27T17:45:11+00:00\",\"author\":{\"@id\":\"https:\\\/\\\/histoire.easyaccess2web.com\\\/vespa\\\/#\\\/schema\\\/person\\\/25de937c7fdb73f59fd4688e77e80a52\"},\"breadcrumb\":{\"@id\":\"https:\\\/\\\/histoire.easyaccess2web.com\\\/vespa\\\/2021\\\/10\\\/27\\\/rallye-vc-bernissart-19-septembre-2021\\\/#breadcrumb\"},\"inLanguage\":\"fr-FR\",\"potentialAction\":[{\"@type\":\"ReadAction\",\"target\":[\"https:\\\/\\\/histoire.easyaccess2web.com\\\/vespa\\\/2021\\\/10\\\/27\\\/rallye-vc-bernissart-19-septembre-2021\\\/\"]}]},{\"@type\":\"ImageObject\",\"inLanguage\":\"fr-FR\",\"@id\":\"https:\\\/\\\/histoire.easyaccess2web.com\\\/vespa\\\/2021\\\/10\\\/27\\\/rallye-vc-bernissart-19-septembre-2021\\\/#primaryimage\",\"url\":\"https:\\\/\\\/histoire.easyaccess2web.com\\\/vespa\\\/wp-content\\\/uploads\\\/sites\\\/40\\\/2021\\\/10\\\/Rallye-VC-Bernissart.1.jpg\",\"contentUrl\":\"https:\\\/\\\/histoire.easyaccess2web.com\\\/vespa\\\/wp-content\\\/uploads\\\/sites\\\/40\\\/2021\\\/10\\\/Rallye-VC-Bernissart.1.jpg\",\"width\":1440,\"height\":915},{\"@type\":\"BreadcrumbList\",\"@id\":\"https:\\\/\\\/histoire.easyaccess2web.com\\\/vespa\\\/2021\\\/10\\\/27\\\/rallye-vc-bernissart-19-septembre-2021\\\/#breadcrumb\",\"itemListElement\":[{\"@type\":\"ListItem\",\"position\":1,\"name\":\"Accueil\",\"item\":\"https:\\\/\\\/histoire.easyaccess2web.com\\\/vespa\\\/\"},{\"@type\":\"ListItem\",\"position\":2,\"name\":\"Rallye VC Bernissart, le 19 septembre 2021\"}]},{\"@type\":\"WebSite\",\"@id\":\"https:\\\/\\\/histoire.easyaccess2web.com\\\/vespa\\\/#website\",\"url\":\"https:\\\/\\\/histoire.easyaccess2web.com\\\/vespa\\\/\",\"name\":\"vespa\",\"description\":\"\",\"potentialAction\":[{\"@type\":\"SearchAction\",\"target\":{\"@type\":\"EntryPoint\",\"urlTemplate\":\"https:\\\/\\\/histoire.easyaccess2web.com\\\/vespa\\\/?s={search_term_string}\"},\"query-input\":{\"@type\":\"PropertyValueSpecification\",\"valueRequired\":true,\"valueName\":\"search_term_string\"}}],\"inLanguage\":\"fr-FR\"},{\"@type\":\"Person\",\"@id\":\"https:\\\/\\\/histoire.easyaccess2web.com\\\/vespa\\\/#\\\/schema\\\/person\\\/25de937c7fdb73f59fd4688e77e80a52\",\"name\":\"vespamons\",\"image\":{\"@type\":\"ImageObject\",\"inLanguage\":\"fr-FR\",\"@id\":\"https:\\\/\\\/secure.gravatar.com\\\/avatar\\\/?s=96&d=mm&r=g\",\"url\":\"https:\\\/\\\/secure.gravatar.com\\\/avatar\\\/?s=96&d=mm&r=g\",\"contentUrl\":\"https:\\\/\\\/secure.gravatar.com\\\/avatar\\\/?s=96&d=mm&r=g\",\"caption\":\"vespamons\"},\"url\":\"https:\\\/\\\/histoire.easyaccess2web.com\\\/vespa\\\/author\\\/vespamons\\\/\"}]}<\/script>\n<!-- \/ Yoast SEO plugin. -->","yoast_head_json":{"title":"Rallye VC Bernissart, le 19 septembre 2021 - vespa","robots":{"index":"index","follow":"follow","max-snippet":"max-snippet:-1","max-image-preview":"max-image-preview:large","max-video-preview":"max-video-preview:-1"},"canonical":"https:\/\/histoire.easyaccess2web.com\/vespa\/2021\/10\/27\/rallye-vc-bernissart-19-septembre-2021\/","og_locale":"fr_FR","og_type":"article","og_title":"Rallye VC Bernissart, le 19 septembre 2021 - vespa","og_description":"[vc_row][vc_column width=\u00a0\u00bb1\/1&Prime;][vc_column_text]Tr\u00e8s belle \u00e9dition pour le 1er Rallye de nos Voisins. A l&rsquo;ann\u00e9e prochaine! Pour les photos, merci de copier et coller ce lien dans une nouvelle fen\u00eatre de votre navigateur : https:\/\/photos.app.goo.gl\/erfjSLdfwrzhrB4H7[\/vc_column_text][\/vc_column][\/vc_row][vc_row][vc_column width=\u00a0\u00bb1\/1&Prime;][\/vc_column][\/vc_row]","og_url":"https:\/\/histoire.easyaccess2web.com\/vespa\/2021\/10\/27\/rallye-vc-bernissart-19-septembre-2021\/","og_site_name":"vespa","article_published_time":"2021-10-27T17:45:11+00:00","og_image":[{"width":1440,"height":915,"url":"https:\/\/histoire.easyaccess2web.com\/vespa\/wp-content\/uploads\/sites\/40\/2021\/10\/Rallye-VC-Bernissart.1.jpg","type":"image\/jpeg"}],"author":"vespamons","twitter_card":"summary_large_image","twitter_misc":{"\u00c9crit par":"vespamons"},"schema":{"@context":"https:\/\/schema.org","@graph":[{"@type":"Article","@id":"https:\/\/histoire.easyaccess2web.com\/vespa\/2021\/10\/27\/rallye-vc-bernissart-19-septembre-2021\/#article","isPartOf":{"@id":"https:\/\/histoire.easyaccess2web.com\/vespa\/2021\/10\/27\/rallye-vc-bernissart-19-septembre-2021\/"},"author":{"name":"vespamons","@id":"https:\/\/histoire.easyaccess2web.com\/vespa\/#\/schema\/person\/25de937c7fdb73f59fd4688e77e80a52"},"headline":"Rallye VC Bernissart, le 19 septembre 2021","datePublished":"2021-10-27T17:45:11+00:00","mainEntityOfPage":{"@id":"https:\/\/histoire.easyaccess2web.com\/vespa\/2021\/10\/27\/rallye-vc-bernissart-19-septembre-2021\/"},"wordCount":70,"commentCount":0,"image":{"@id":"https:\/\/histoire.easyaccess2web.com\/vespa\/2021\/10\/27\/rallye-vc-bernissart-19-septembre-2021\/#primaryimage"},"thumbnailUrl":"https:\/\/histoire.easyaccess2web.com\/vespa\/wp-content\/uploads\/sites\/40\/2021\/10\/Rallye-VC-Bernissart.1.jpg","articleSection":["news"],"inLanguage":"fr-FR","potentialAction":[{"@type":"CommentAction","name":"Comment","target":["https:\/\/histoire.easyaccess2web.com\/vespa\/2021\/10\/27\/rallye-vc-bernissart-19-septembre-2021\/#respond"]}]},{"@type":"WebPage","@id":"https:\/\/histoire.easyaccess2web.com\/vespa\/2021\/10\/27\/rallye-vc-bernissart-19-septembre-2021\/","url":"https:\/\/histoire.easyaccess2web.com\/vespa\/2021\/10\/27\/rallye-vc-bernissart-19-septembre-2021\/","name":"Rallye VC Bernissart, le 19 septembre 2021 - vespa","isPartOf":{"@id":"https:\/\/histoire.easyaccess2web.com\/vespa\/#website"},"primaryImageOfPage":{"@id":"https:\/\/histoire.easyaccess2web.com\/vespa\/2021\/10\/27\/rallye-vc-bernissart-19-septembre-2021\/#primaryimage"},"image":{"@id":"https:\/\/histoire.easyaccess2web.com\/vespa\/2021\/10\/27\/rallye-vc-bernissart-19-septembre-2021\/#primaryimage"},"thumbnailUrl":"https:\/\/histoire.easyaccess2web.com\/vespa\/wp-content\/uploads\/sites\/40\/2021\/10\/Rallye-VC-Bernissart.1.jpg","datePublished":"2021-10-27T17:45:11+00:00","author":{"@id":"https:\/\/histoire.easyaccess2web.com\/vespa\/#\/schema\/person\/25de937c7fdb73f59fd4688e77e80a52"},"breadcrumb":{"@id":"https:\/\/histoire.easyaccess2web.com\/vespa\/2021\/10\/27\/rallye-vc-bernissart-19-septembre-2021\/#breadcrumb"},"inLanguage":"fr-FR","potentialAction":[{"@type":"ReadAction","target":["https:\/\/histoire.easyaccess2web.com\/vespa\/2021\/10\/27\/rallye-vc-bernissart-19-septembre-2021\/"]}]},{"@type":"ImageObject","inLanguage":"fr-FR","@id":"https:\/\/histoire.easyaccess2web.com\/vespa\/2021\/10\/27\/rallye-vc-bernissart-19-septembre-2021\/#primaryimage","url":"https:\/\/histoire.easyaccess2web.com\/vespa\/wp-content\/uploads\/sites\/40\/2021\/10\/Rallye-VC-Bernissart.1.jpg","contentUrl":"https:\/\/histoire.easyaccess2web.com\/vespa\/wp-content\/uploads\/sites\/40\/2021\/10\/Rallye-VC-Bernissart.1.jpg","width":1440,"height":915},{"@type":"BreadcrumbList","@id":"https:\/\/histoire.easyaccess2web.com\/vespa\/2021\/10\/27\/rallye-vc-bernissart-19-septembre-2021\/#breadcrumb","itemListElement":[{"@type":"ListItem","position":1,"name":"Accueil","item":"https:\/\/histoire.easyaccess2web.com\/vespa\/"},{"@type":"ListItem","position":2,"name":"Rallye VC Bernissart, le 19 septembre 2021"}]},{"@type":"WebSite","@id":"https:\/\/histoire.easyaccess2web.com\/vespa\/#website","url":"https:\/\/histoire.easyaccess2web.com\/vespa\/","name":"vespa","description":"","potentialAction":[{"@type":"SearchAction","target":{"@type":"EntryPoint","urlTemplate":"https:\/\/histoire.easyaccess2web.com\/vespa\/?s={search_term_string}"},"query-input":{"@type":"PropertyValueSpecification","valueRequired":true,"valueName":"search_term_string"}}],"inLanguage":"fr-FR"},{"@type":"Person","@id":"https:\/\/histoire.easyaccess2web.com\/vespa\/#\/schema\/person\/25de937c7fdb73f59fd4688e77e80a52","name":"vespamons","image":{"@type":"ImageObject","inLanguage":"fr-FR","@id":"https:\/\/secure.gravatar.com\/avatar\/?s=96&d=mm&r=g","url":"https:\/\/secure.gravatar.com\/avatar\/?s=96&d=mm&r=g","contentUrl":"https:\/\/secure.gravatar.com\/avatar\/?s=96&d=mm&r=g","caption":"vespamons"},"url":"https:\/\/histoire.easyaccess2web.com\/vespa\/author\/vespamons\/"}]}},"_links":{"self":[{"href":"https:\/\/histoire.easyaccess2web.com\/vespa\/wp-json\/wp\/v2\/posts\/21188","targetHints":{"allow":["GET"]}}],"collection":[{"href":"https:\/\/histoire.easyaccess2web.com\/vespa\/wp-json\/wp\/v2\/posts"}],"about":[{"href":"https:\/\/histoire.easyaccess2web.com\/vespa\/wp-json\/wp\/v2\/types\/post"}],"author":[{"embeddable":true,"href":"https:\/\/histoire.easyaccess2web.com\/vespa\/wp-json\/wp\/v2\/users\/650"}],"replies":[{"embeddable":true,"href":"https:\/\/histoire.easyaccess2web.com\/vespa\/wp-json\/wp\/v2\/comments?post=21188"}],"version-history":[{"count":0,"href":"https:\/\/histoire.easyaccess2web.com\/vespa\/wp-json\/wp\/v2\/posts\/21188\/revisions"}],"wp:featuredmedia":[{"embeddable":true,"href":"https:\/\/histoire.easyaccess2web.com\/vespa\/wp-json\/wp\/v2\/media\/21185"}],"wp:attachment":[{"href":"https:\/\/histoire.easyaccess2web.com\/vespa\/wp-json\/wp\/v2\/media?parent=21188"}],"wp:term":[{"taxonomy":"category","embeddable":true,"href":"https:\/\/histoire.easyaccess2web.com\/vespa\/wp-json\/wp\/v2\/categories?post=21188"},{"taxonomy":"post_tag","embeddable":true,"href":"https:\/\/histoire.easyaccess2web.com\/vespa\/wp-json\/wp\/v2\/tags?post=21188"}],"curies":[{"name":"wp","href":"https:\/\/api.w.org\/{rel}","templated":true}]}}