{"id":21177,"date":"2021-09-11T21:34:57","date_gmt":"2021-09-11T20:34:57","guid":{"rendered":"http:\/\/vespaclubmons.be\/?p=21177"},"modified":"2021-09-11T21:34:57","modified_gmt":"2021-09-11T20:34:57","slug":"rallye-vc-bruges-2021-3e-halletoren-rit","status":"publish","type":"post","link":"https:\/\/histoire.easyaccess2web.com\/vespa\/2021\/09\/11\/rallye-vc-bruges-2021-3e-halletoren-rit\/","title":{"rendered":"Rallye VC Bruges 2021 &#8211; 3e Halletoren Rit"},"content":{"rendered":"<section class=\"wpb-content-wrapper\">[vc_row][vc_column width=\u00a0\u00bb1\/1&Prime;][vc_column_text]Destination de choix pour quelques membres du VCMB qui ont pu d\u00e9couvrir cette ann\u00e9e les campagnes environnantes de Bruges, le long de la fronti\u00e8re hollandaise.<br \/>\nTant les organisateurs que les participants auraient m\u00e9rit\u00e9 une m\u00e9t\u00e9o plus cl\u00e9mente mais au final, nous nous sommes bien amus\u00e9s et avons rencontr\u00e9 deux membres du Vespa Club de Lille qui se sont joints \u00e0 nous pour ce p\u00e9riple d&rsquo;une centaine de kilom\u00e8tres autour de la Venise du Nord.<br \/>\nFl\u00e9chage de toute grande qualit\u00e9, deux tickets de boissons, 1 dessert et un \u00e9cusson sp\u00e9cifique de l&rsquo;\u00e9v\u00e9nement; tout \u00e7a pour une tr\u00e8s modique somme de 9 euros.<br \/>\nF\u00e9licitations aux membres du VC Bruges et \u00e0 l&rsquo;ann\u00e9e prochaine, pour une nouvelle \u00e9dition du Zwaene Rit !<\/p>\n<p>Pour d\u00e9couvrir les photos du jour (peu nombreuses \u00e0 cause de la m\u00e9t\u00e9o), merci d&rsquo;ouvrir une nouvelle fen\u00eatre et d&rsquo;y copier\/coller le lien suivant : https:\/\/photos.app.goo.gl\/Yi6sY3BMnruNYWZj9[\/vc_column_text][\/vc_column][\/vc_row]\n<\/section>","protected":false},"excerpt":{"rendered":"<p>[vc_row][vc_column width=\u00a0\u00bb1\/1&Prime;][vc_column_text]Destination de choix pour quelques membres du VCMB qui ont pu d\u00e9couvrir cette ann\u00e9e les campagnes environnantes de Bruges, le long de la fronti\u00e8re hollandaise. Tant les organisateurs que les participants auraient m\u00e9rit\u00e9 une m\u00e9t\u00e9o plus cl\u00e9mente mais au final, nous nous sommes bien&#8230;<\/p>\n","protected":false},"author":650,"featured_media":21176,"comment_status":"open","ping_status":"open","sticky":false,"template":"","format":"standard","meta":{"footnotes":""},"categories":[2],"tags":[],"class_list":["post-21177","post","type-post","status-publish","format-standard","has-post-thumbnail","hentry","category-news"],"yoast_head":"<!-- This site is optimized with the Yoast SEO plugin v27.4 - https:\/\/yoast.com\/product\/yoast-seo-wordpress\/ -->\n<title>Rallye VC Bruges 2021 - 3e Halletoren Rit - vespa<\/title>\n<meta name=\"robots\" content=\"index, follow, max-snippet:-1, max-image-preview:large, max-video-preview:-1\" \/>\n<link rel=\"canonical\" href=\"https:\/\/histoire.easyaccess2web.com\/vespa\/2021\/09\/11\/rallye-vc-bruges-2021-3e-halletoren-rit\/\" \/>\n<meta property=\"og:locale\" content=\"fr_FR\" \/>\n<meta property=\"og:type\" content=\"article\" \/>\n<meta property=\"og:title\" content=\"Rallye VC Bruges 2021 - 3e Halletoren Rit - vespa\" \/>\n<meta property=\"og:description\" content=\"[vc_row][vc_column width=\u00a0\u00bb1\/1&Prime;][vc_column_text]Destination de choix pour quelques membres du VCMB qui ont pu d\u00e9couvrir cette ann\u00e9e les campagnes environnantes de Bruges, le long de la fronti\u00e8re hollandaise. Tant les organisateurs que les participants auraient m\u00e9rit\u00e9 une m\u00e9t\u00e9o plus cl\u00e9mente mais au final, nous nous sommes bien...\" \/>\n<meta property=\"og:url\" content=\"https:\/\/histoire.easyaccess2web.com\/vespa\/2021\/09\/11\/rallye-vc-bruges-2021-3e-halletoren-rit\/\" \/>\n<meta property=\"og:site_name\" content=\"vespa\" \/>\n<meta property=\"article:published_time\" content=\"2021-09-11T20:34:57+00:00\" \/>\n<meta property=\"og:image\" content=\"https:\/\/histoire.easyaccess2web.com\/vespa\/wp-content\/uploads\/sites\/40\/2021\/09\/Halletorenrit-VC-Bruges-2021.jpg\" \/>\n\t<meta property=\"og:image:width\" content=\"1085\" \/>\n\t<meta property=\"og:image:height\" content=\"478\" \/>\n\t<meta property=\"og:image:type\" content=\"image\/jpeg\" \/>\n<meta name=\"author\" content=\"vespamons\" \/>\n<meta name=\"twitter:card\" content=\"summary_large_image\" \/>\n<meta name=\"twitter:label1\" content=\"\u00c9crit par\" \/>\n\t<meta name=\"twitter:data1\" content=\"vespamons\" \/>\n\t<meta name=\"twitter:label2\" content=\"Dur\u00e9e de lecture estim\u00e9e\" \/>\n\t<meta name=\"twitter:data2\" content=\"1 minute\" \/>\n<script type=\"application\/ld+json\" class=\"yoast-schema-graph\">{\"@context\":\"https:\\\/\\\/schema.org\",\"@graph\":[{\"@type\":\"Article\",\"@id\":\"https:\\\/\\\/histoire.easyaccess2web.com\\\/vespa\\\/2021\\\/09\\\/11\\\/rallye-vc-bruges-2021-3e-halletoren-rit\\\/#article\",\"isPartOf\":{\"@id\":\"https:\\\/\\\/histoire.easyaccess2web.com\\\/vespa\\\/2021\\\/09\\\/11\\\/rallye-vc-bruges-2021-3e-halletoren-rit\\\/\"},\"author\":{\"name\":\"vespamons\",\"@id\":\"https:\\\/\\\/histoire.easyaccess2web.com\\\/vespa\\\/#\\\/schema\\\/person\\\/25de937c7fdb73f59fd4688e77e80a52\"},\"headline\":\"Rallye VC Bruges 2021 &#8211; 3e Halletoren Rit\",\"datePublished\":\"2021-09-11T20:34:57+00:00\",\"mainEntityOfPage\":{\"@id\":\"https:\\\/\\\/histoire.easyaccess2web.com\\\/vespa\\\/2021\\\/09\\\/11\\\/rallye-vc-bruges-2021-3e-halletoren-rit\\\/\"},\"wordCount\":193,\"commentCount\":0,\"image\":{\"@id\":\"https:\\\/\\\/histoire.easyaccess2web.com\\\/vespa\\\/2021\\\/09\\\/11\\\/rallye-vc-bruges-2021-3e-halletoren-rit\\\/#primaryimage\"},\"thumbnailUrl\":\"https:\\\/\\\/histoire.easyaccess2web.com\\\/vespa\\\/wp-content\\\/uploads\\\/sites\\\/40\\\/2021\\\/09\\\/Halletorenrit-VC-Bruges-2021.jpg\",\"articleSection\":[\"news\"],\"inLanguage\":\"fr-FR\",\"potentialAction\":[{\"@type\":\"CommentAction\",\"name\":\"Comment\",\"target\":[\"https:\\\/\\\/histoire.easyaccess2web.com\\\/vespa\\\/2021\\\/09\\\/11\\\/rallye-vc-bruges-2021-3e-halletoren-rit\\\/#respond\"]}]},{\"@type\":\"WebPage\",\"@id\":\"https:\\\/\\\/histoire.easyaccess2web.com\\\/vespa\\\/2021\\\/09\\\/11\\\/rallye-vc-bruges-2021-3e-halletoren-rit\\\/\",\"url\":\"https:\\\/\\\/histoire.easyaccess2web.com\\\/vespa\\\/2021\\\/09\\\/11\\\/rallye-vc-bruges-2021-3e-halletoren-rit\\\/\",\"name\":\"Rallye VC Bruges 2021 - 3e Halletoren Rit - vespa\",\"isPartOf\":{\"@id\":\"https:\\\/\\\/histoire.easyaccess2web.com\\\/vespa\\\/#website\"},\"primaryImageOfPage\":{\"@id\":\"https:\\\/\\\/histoire.easyaccess2web.com\\\/vespa\\\/2021\\\/09\\\/11\\\/rallye-vc-bruges-2021-3e-halletoren-rit\\\/#primaryimage\"},\"image\":{\"@id\":\"https:\\\/\\\/histoire.easyaccess2web.com\\\/vespa\\\/2021\\\/09\\\/11\\\/rallye-vc-bruges-2021-3e-halletoren-rit\\\/#primaryimage\"},\"thumbnailUrl\":\"https:\\\/\\\/histoire.easyaccess2web.com\\\/vespa\\\/wp-content\\\/uploads\\\/sites\\\/40\\\/2021\\\/09\\\/Halletorenrit-VC-Bruges-2021.jpg\",\"datePublished\":\"2021-09-11T20:34:57+00:00\",\"author\":{\"@id\":\"https:\\\/\\\/histoire.easyaccess2web.com\\\/vespa\\\/#\\\/schema\\\/person\\\/25de937c7fdb73f59fd4688e77e80a52\"},\"breadcrumb\":{\"@id\":\"https:\\\/\\\/histoire.easyaccess2web.com\\\/vespa\\\/2021\\\/09\\\/11\\\/rallye-vc-bruges-2021-3e-halletoren-rit\\\/#breadcrumb\"},\"inLanguage\":\"fr-FR\",\"potentialAction\":[{\"@type\":\"ReadAction\",\"target\":[\"https:\\\/\\\/histoire.easyaccess2web.com\\\/vespa\\\/2021\\\/09\\\/11\\\/rallye-vc-bruges-2021-3e-halletoren-rit\\\/\"]}]},{\"@type\":\"ImageObject\",\"inLanguage\":\"fr-FR\",\"@id\":\"https:\\\/\\\/histoire.easyaccess2web.com\\\/vespa\\\/2021\\\/09\\\/11\\\/rallye-vc-bruges-2021-3e-halletoren-rit\\\/#primaryimage\",\"url\":\"https:\\\/\\\/histoire.easyaccess2web.com\\\/vespa\\\/wp-content\\\/uploads\\\/sites\\\/40\\\/2021\\\/09\\\/Halletorenrit-VC-Bruges-2021.jpg\",\"contentUrl\":\"https:\\\/\\\/histoire.easyaccess2web.com\\\/vespa\\\/wp-content\\\/uploads\\\/sites\\\/40\\\/2021\\\/09\\\/Halletorenrit-VC-Bruges-2021.jpg\",\"width\":1085,\"height\":478},{\"@type\":\"BreadcrumbList\",\"@id\":\"https:\\\/\\\/histoire.easyaccess2web.com\\\/vespa\\\/2021\\\/09\\\/11\\\/rallye-vc-bruges-2021-3e-halletoren-rit\\\/#breadcrumb\",\"itemListElement\":[{\"@type\":\"ListItem\",\"position\":1,\"name\":\"Accueil\",\"item\":\"https:\\\/\\\/histoire.easyaccess2web.com\\\/vespa\\\/\"},{\"@type\":\"ListItem\",\"position\":2,\"name\":\"Rallye VC Bruges 2021 &#8211; 3e Halletoren Rit\"}]},{\"@type\":\"WebSite\",\"@id\":\"https:\\\/\\\/histoire.easyaccess2web.com\\\/vespa\\\/#website\",\"url\":\"https:\\\/\\\/histoire.easyaccess2web.com\\\/vespa\\\/\",\"name\":\"vespa\",\"description\":\"\",\"potentialAction\":[{\"@type\":\"SearchAction\",\"target\":{\"@type\":\"EntryPoint\",\"urlTemplate\":\"https:\\\/\\\/histoire.easyaccess2web.com\\\/vespa\\\/?s={search_term_string}\"},\"query-input\":{\"@type\":\"PropertyValueSpecification\",\"valueRequired\":true,\"valueName\":\"search_term_string\"}}],\"inLanguage\":\"fr-FR\"},{\"@type\":\"Person\",\"@id\":\"https:\\\/\\\/histoire.easyaccess2web.com\\\/vespa\\\/#\\\/schema\\\/person\\\/25de937c7fdb73f59fd4688e77e80a52\",\"name\":\"vespamons\",\"image\":{\"@type\":\"ImageObject\",\"inLanguage\":\"fr-FR\",\"@id\":\"https:\\\/\\\/secure.gravatar.com\\\/avatar\\\/?s=96&d=mm&r=g\",\"url\":\"https:\\\/\\\/secure.gravatar.com\\\/avatar\\\/?s=96&d=mm&r=g\",\"contentUrl\":\"https:\\\/\\\/secure.gravatar.com\\\/avatar\\\/?s=96&d=mm&r=g\",\"caption\":\"vespamons\"},\"url\":\"https:\\\/\\\/histoire.easyaccess2web.com\\\/vespa\\\/author\\\/vespamons\\\/\"}]}<\/script>\n<!-- \/ Yoast SEO plugin. -->","yoast_head_json":{"title":"Rallye VC Bruges 2021 - 3e Halletoren Rit - vespa","robots":{"index":"index","follow":"follow","max-snippet":"max-snippet:-1","max-image-preview":"max-image-preview:large","max-video-preview":"max-video-preview:-1"},"canonical":"https:\/\/histoire.easyaccess2web.com\/vespa\/2021\/09\/11\/rallye-vc-bruges-2021-3e-halletoren-rit\/","og_locale":"fr_FR","og_type":"article","og_title":"Rallye VC Bruges 2021 - 3e Halletoren Rit - vespa","og_description":"[vc_row][vc_column width=\u00a0\u00bb1\/1&Prime;][vc_column_text]Destination de choix pour quelques membres du VCMB qui ont pu d\u00e9couvrir cette ann\u00e9e les campagnes environnantes de Bruges, le long de la fronti\u00e8re hollandaise. Tant les organisateurs que les participants auraient m\u00e9rit\u00e9 une m\u00e9t\u00e9o plus cl\u00e9mente mais au final, nous nous sommes bien...","og_url":"https:\/\/histoire.easyaccess2web.com\/vespa\/2021\/09\/11\/rallye-vc-bruges-2021-3e-halletoren-rit\/","og_site_name":"vespa","article_published_time":"2021-09-11T20:34:57+00:00","og_image":[{"width":1085,"height":478,"url":"https:\/\/histoire.easyaccess2web.com\/vespa\/wp-content\/uploads\/sites\/40\/2021\/09\/Halletorenrit-VC-Bruges-2021.jpg","type":"image\/jpeg"}],"author":"vespamons","twitter_card":"summary_large_image","twitter_misc":{"\u00c9crit par":"vespamons","Dur\u00e9e de lecture estim\u00e9e":"1 minute"},"schema":{"@context":"https:\/\/schema.org","@graph":[{"@type":"Article","@id":"https:\/\/histoire.easyaccess2web.com\/vespa\/2021\/09\/11\/rallye-vc-bruges-2021-3e-halletoren-rit\/#article","isPartOf":{"@id":"https:\/\/histoire.easyaccess2web.com\/vespa\/2021\/09\/11\/rallye-vc-bruges-2021-3e-halletoren-rit\/"},"author":{"name":"vespamons","@id":"https:\/\/histoire.easyaccess2web.com\/vespa\/#\/schema\/person\/25de937c7fdb73f59fd4688e77e80a52"},"headline":"Rallye VC Bruges 2021 &#8211; 3e Halletoren Rit","datePublished":"2021-09-11T20:34:57+00:00","mainEntityOfPage":{"@id":"https:\/\/histoire.easyaccess2web.com\/vespa\/2021\/09\/11\/rallye-vc-bruges-2021-3e-halletoren-rit\/"},"wordCount":193,"commentCount":0,"image":{"@id":"https:\/\/histoire.easyaccess2web.com\/vespa\/2021\/09\/11\/rallye-vc-bruges-2021-3e-halletoren-rit\/#primaryimage"},"thumbnailUrl":"https:\/\/histoire.easyaccess2web.com\/vespa\/wp-content\/uploads\/sites\/40\/2021\/09\/Halletorenrit-VC-Bruges-2021.jpg","articleSection":["news"],"inLanguage":"fr-FR","potentialAction":[{"@type":"CommentAction","name":"Comment","target":["https:\/\/histoire.easyaccess2web.com\/vespa\/2021\/09\/11\/rallye-vc-bruges-2021-3e-halletoren-rit\/#respond"]}]},{"@type":"WebPage","@id":"https:\/\/histoire.easyaccess2web.com\/vespa\/2021\/09\/11\/rallye-vc-bruges-2021-3e-halletoren-rit\/","url":"https:\/\/histoire.easyaccess2web.com\/vespa\/2021\/09\/11\/rallye-vc-bruges-2021-3e-halletoren-rit\/","name":"Rallye VC Bruges 2021 - 3e Halletoren Rit - vespa","isPartOf":{"@id":"https:\/\/histoire.easyaccess2web.com\/vespa\/#website"},"primaryImageOfPage":{"@id":"https:\/\/histoire.easyaccess2web.com\/vespa\/2021\/09\/11\/rallye-vc-bruges-2021-3e-halletoren-rit\/#primaryimage"},"image":{"@id":"https:\/\/histoire.easyaccess2web.com\/vespa\/2021\/09\/11\/rallye-vc-bruges-2021-3e-halletoren-rit\/#primaryimage"},"thumbnailUrl":"https:\/\/histoire.easyaccess2web.com\/vespa\/wp-content\/uploads\/sites\/40\/2021\/09\/Halletorenrit-VC-Bruges-2021.jpg","datePublished":"2021-09-11T20:34:57+00:00","author":{"@id":"https:\/\/histoire.easyaccess2web.com\/vespa\/#\/schema\/person\/25de937c7fdb73f59fd4688e77e80a52"},"breadcrumb":{"@id":"https:\/\/histoire.easyaccess2web.com\/vespa\/2021\/09\/11\/rallye-vc-bruges-2021-3e-halletoren-rit\/#breadcrumb"},"inLanguage":"fr-FR","potentialAction":[{"@type":"ReadAction","target":["https:\/\/histoire.easyaccess2web.com\/vespa\/2021\/09\/11\/rallye-vc-bruges-2021-3e-halletoren-rit\/"]}]},{"@type":"ImageObject","inLanguage":"fr-FR","@id":"https:\/\/histoire.easyaccess2web.com\/vespa\/2021\/09\/11\/rallye-vc-bruges-2021-3e-halletoren-rit\/#primaryimage","url":"https:\/\/histoire.easyaccess2web.com\/vespa\/wp-content\/uploads\/sites\/40\/2021\/09\/Halletorenrit-VC-Bruges-2021.jpg","contentUrl":"https:\/\/histoire.easyaccess2web.com\/vespa\/wp-content\/uploads\/sites\/40\/2021\/09\/Halletorenrit-VC-Bruges-2021.jpg","width":1085,"height":478},{"@type":"BreadcrumbList","@id":"https:\/\/histoire.easyaccess2web.com\/vespa\/2021\/09\/11\/rallye-vc-bruges-2021-3e-halletoren-rit\/#breadcrumb","itemListElement":[{"@type":"ListItem","position":1,"name":"Accueil","item":"https:\/\/histoire.easyaccess2web.com\/vespa\/"},{"@type":"ListItem","position":2,"name":"Rallye VC Bruges 2021 &#8211; 3e Halletoren Rit"}]},{"@type":"WebSite","@id":"https:\/\/histoire.easyaccess2web.com\/vespa\/#website","url":"https:\/\/histoire.easyaccess2web.com\/vespa\/","name":"vespa","description":"","potentialAction":[{"@type":"SearchAction","target":{"@type":"EntryPoint","urlTemplate":"https:\/\/histoire.easyaccess2web.com\/vespa\/?s={search_term_string}"},"query-input":{"@type":"PropertyValueSpecification","valueRequired":true,"valueName":"search_term_string"}}],"inLanguage":"fr-FR"},{"@type":"Person","@id":"https:\/\/histoire.easyaccess2web.com\/vespa\/#\/schema\/person\/25de937c7fdb73f59fd4688e77e80a52","name":"vespamons","image":{"@type":"ImageObject","inLanguage":"fr-FR","@id":"https:\/\/secure.gravatar.com\/avatar\/?s=96&d=mm&r=g","url":"https:\/\/secure.gravatar.com\/avatar\/?s=96&d=mm&r=g","contentUrl":"https:\/\/secure.gravatar.com\/avatar\/?s=96&d=mm&r=g","caption":"vespamons"},"url":"https:\/\/histoire.easyaccess2web.com\/vespa\/author\/vespamons\/"}]}},"_links":{"self":[{"href":"https:\/\/histoire.easyaccess2web.com\/vespa\/wp-json\/wp\/v2\/posts\/21177","targetHints":{"allow":["GET"]}}],"collection":[{"href":"https:\/\/histoire.easyaccess2web.com\/vespa\/wp-json\/wp\/v2\/posts"}],"about":[{"href":"https:\/\/histoire.easyaccess2web.com\/vespa\/wp-json\/wp\/v2\/types\/post"}],"author":[{"embeddable":true,"href":"https:\/\/histoire.easyaccess2web.com\/vespa\/wp-json\/wp\/v2\/users\/650"}],"replies":[{"embeddable":true,"href":"https:\/\/histoire.easyaccess2web.com\/vespa\/wp-json\/wp\/v2\/comments?post=21177"}],"version-history":[{"count":0,"href":"https:\/\/histoire.easyaccess2web.com\/vespa\/wp-json\/wp\/v2\/posts\/21177\/revisions"}],"wp:featuredmedia":[{"embeddable":true,"href":"https:\/\/histoire.easyaccess2web.com\/vespa\/wp-json\/wp\/v2\/media\/21176"}],"wp:attachment":[{"href":"https:\/\/histoire.easyaccess2web.com\/vespa\/wp-json\/wp\/v2\/media?parent=21177"}],"wp:term":[{"taxonomy":"category","embeddable":true,"href":"https:\/\/histoire.easyaccess2web.com\/vespa\/wp-json\/wp\/v2\/categories?post=21177"},{"taxonomy":"post_tag","embeddable":true,"href":"https:\/\/histoire.easyaccess2web.com\/vespa\/wp-json\/wp\/v2\/tags?post=21177"}],"curies":[{"name":"wp","href":"https:\/\/api.w.org\/{rel}","templated":true}]}}