{"id":21161,"date":"2021-07-04T22:35:51","date_gmt":"2021-07-04T21:35:51","guid":{"rendered":"http:\/\/vespaclubmons.be\/?p=21161"},"modified":"2021-07-04T22:35:51","modified_gmt":"2021-07-04T21:35:51","slug":"rallye-vc-grimbergen-2021-75e-anniversaire-de-vespa","status":"publish","type":"post","link":"https:\/\/histoire.easyaccess2web.com\/vespa\/2021\/07\/04\/rallye-vc-grimbergen-2021-75e-anniversaire-de-vespa\/","title":{"rendered":"Rallye VC Grimbergen 2021 &#8211; 75e Anniversaire de la Vespa"},"content":{"rendered":"<section class=\"wpb-content-wrapper\">[vc_row][vc_column width=\u00a0\u00bb1\/1&Prime;][vc_column_text]Pratiquement 1 des premiers Rallyes officiels de cette saison encore bien perturb\u00e9e par les mesures sanitaires, le Vespa Club Grimbergen et son Pr\u00e9sident, Super Mario Catapano, nous avaient donn\u00e9 rendez-vous pour f\u00eater \u00e0 l&rsquo;occasion de leur Rallye annuel le 75e Anniversaire de la Vespa.<\/p>\n<p>Apr\u00e8s le traditionnel accueil et petit-d\u00e9jeuner copieux, la superbe balade du matin \u00e0 travers les routes champ\u00eatres nous a fait d\u00e9couvrir les paysages bucoliques du Brabant Wallon pour nous mener \u00e0 la pause de midi o\u00f9 nous avons pu nous r\u00e9galer avec des plats d&rsquo;excellentes p\u00e2tes pr\u00e9par\u00e9es par le restaurant La Piazza \u00e0 Rhode-St-Gen\u00e8se et la m\u00e9t\u00e9o peu engageante n&rsquo;a pas trop perturb\u00e9 l&rsquo;\u00e9v\u00e9nement, juste le temps de notre restauration (YESSSS !)&#8230;<br \/>\nDirection ensuite Autoworld pour d\u00e9couvrir \u00e0 la fois une exposition temporaire sur les Jaguar Type E mais \u00e9galement celle qui faisait l&rsquo;objet de notre visite : un hommage rendu aux 75 ans de la Vespa organis\u00e9 de main de Ma\u00eetre par Super Mario!<br \/>\nEnsuite, retour au lieu de d\u00e9part pour un total d&rsquo;environ 85 kms parcourus.<\/p>\n<p>Rendez-vous d\u00e9j\u00e0 pris pour f\u00eater les 80 ans de notre insecte favori.<\/p>\n<p>Mille mercis aux membres du Vespa Club Grimbergen et plus particuli\u00e8rement au Pr\u00e9sident, Mario Catapano !<\/p>\n<p>Pour acc\u00e9der aux photos, il suffit d&rsquo;ouvrir une nouvelle fen\u00eatre et y copier coller le lien suivant : https:\/\/photos.app.goo.gl\/QtisHAouUgV8ooEa6[\/vc_column_text][\/vc_column][\/vc_row]\n<\/section>","protected":false},"excerpt":{"rendered":"<p>[vc_row][vc_column width=\u00a0\u00bb1\/1&Prime;][vc_column_text]Pratiquement 1 des premiers Rallyes officiels de cette saison encore bien perturb\u00e9e par les mesures sanitaires, le Vespa Club Grimbergen et son Pr\u00e9sident, Super Mario Catapano, nous avaient donn\u00e9 rendez-vous pour f\u00eater \u00e0 l&rsquo;occasion de leur Rallye annuel le 75e Anniversaire de la Vespa&#8230;.<\/p>\n","protected":false},"author":650,"featured_media":21160,"comment_status":"open","ping_status":"open","sticky":false,"template":"","format":"standard","meta":{"footnotes":""},"categories":[2],"tags":[],"class_list":["post-21161","post","type-post","status-publish","format-standard","has-post-thumbnail","hentry","category-news"],"yoast_head":"<!-- This site is optimized with the Yoast SEO plugin v27.4 - https:\/\/yoast.com\/product\/yoast-seo-wordpress\/ -->\n<title>Rallye VC Grimbergen 2021 - 75e Anniversaire de la Vespa - vespa<\/title>\n<meta name=\"robots\" content=\"index, follow, max-snippet:-1, max-image-preview:large, max-video-preview:-1\" \/>\n<link rel=\"canonical\" href=\"https:\/\/histoire.easyaccess2web.com\/vespa\/2021\/07\/04\/rallye-vc-grimbergen-2021-75e-anniversaire-de-vespa\/\" \/>\n<meta property=\"og:locale\" content=\"fr_FR\" \/>\n<meta property=\"og:type\" content=\"article\" \/>\n<meta property=\"og:title\" content=\"Rallye VC Grimbergen 2021 - 75e Anniversaire de la Vespa - vespa\" \/>\n<meta property=\"og:description\" content=\"[vc_row][vc_column width=\u00a0\u00bb1\/1&Prime;][vc_column_text]Pratiquement 1 des premiers Rallyes officiels de cette saison encore bien perturb\u00e9e par les mesures sanitaires, le Vespa Club Grimbergen et son Pr\u00e9sident, Super Mario Catapano, nous avaient donn\u00e9 rendez-vous pour f\u00eater \u00e0 l&rsquo;occasion de leur Rallye annuel le 75e Anniversaire de la Vespa....\" \/>\n<meta property=\"og:url\" content=\"https:\/\/histoire.easyaccess2web.com\/vespa\/2021\/07\/04\/rallye-vc-grimbergen-2021-75e-anniversaire-de-vespa\/\" \/>\n<meta property=\"og:site_name\" content=\"vespa\" \/>\n<meta property=\"article:published_time\" content=\"2021-07-04T21:35:51+00:00\" \/>\n<meta property=\"og:image\" content=\"https:\/\/histoire.easyaccess2web.com\/vespa\/wp-content\/uploads\/sites\/40\/2021\/07\/Rallye-VC-Grimbergen-2021-75e-anniversaire-de-la-Vespa.jpg\" \/>\n\t<meta property=\"og:image:width\" content=\"1080\" \/>\n\t<meta property=\"og:image:height\" content=\"1104\" \/>\n\t<meta property=\"og:image:type\" content=\"image\/jpeg\" \/>\n<meta name=\"author\" content=\"vespamons\" \/>\n<meta name=\"twitter:card\" content=\"summary_large_image\" \/>\n<meta name=\"twitter:label1\" content=\"\u00c9crit par\" \/>\n\t<meta name=\"twitter:data1\" content=\"vespamons\" \/>\n\t<meta name=\"twitter:label2\" content=\"Dur\u00e9e de lecture estim\u00e9e\" \/>\n\t<meta name=\"twitter:data2\" content=\"1 minute\" \/>\n<script type=\"application\/ld+json\" class=\"yoast-schema-graph\">{\"@context\":\"https:\\\/\\\/schema.org\",\"@graph\":[{\"@type\":\"Article\",\"@id\":\"https:\\\/\\\/histoire.easyaccess2web.com\\\/vespa\\\/2021\\\/07\\\/04\\\/rallye-vc-grimbergen-2021-75e-anniversaire-de-vespa\\\/#article\",\"isPartOf\":{\"@id\":\"https:\\\/\\\/histoire.easyaccess2web.com\\\/vespa\\\/2021\\\/07\\\/04\\\/rallye-vc-grimbergen-2021-75e-anniversaire-de-vespa\\\/\"},\"author\":{\"name\":\"vespamons\",\"@id\":\"https:\\\/\\\/histoire.easyaccess2web.com\\\/vespa\\\/#\\\/schema\\\/person\\\/25de937c7fdb73f59fd4688e77e80a52\"},\"headline\":\"Rallye VC Grimbergen 2021 &#8211; 75e Anniversaire de la Vespa\",\"datePublished\":\"2021-07-04T21:35:51+00:00\",\"mainEntityOfPage\":{\"@id\":\"https:\\\/\\\/histoire.easyaccess2web.com\\\/vespa\\\/2021\\\/07\\\/04\\\/rallye-vc-grimbergen-2021-75e-anniversaire-de-vespa\\\/\"},\"wordCount\":267,\"commentCount\":0,\"image\":{\"@id\":\"https:\\\/\\\/histoire.easyaccess2web.com\\\/vespa\\\/2021\\\/07\\\/04\\\/rallye-vc-grimbergen-2021-75e-anniversaire-de-vespa\\\/#primaryimage\"},\"thumbnailUrl\":\"https:\\\/\\\/histoire.easyaccess2web.com\\\/vespa\\\/wp-content\\\/uploads\\\/sites\\\/40\\\/2021\\\/07\\\/Rallye-VC-Grimbergen-2021-75e-anniversaire-de-la-Vespa.jpg\",\"articleSection\":[\"news\"],\"inLanguage\":\"fr-FR\",\"potentialAction\":[{\"@type\":\"CommentAction\",\"name\":\"Comment\",\"target\":[\"https:\\\/\\\/histoire.easyaccess2web.com\\\/vespa\\\/2021\\\/07\\\/04\\\/rallye-vc-grimbergen-2021-75e-anniversaire-de-vespa\\\/#respond\"]}]},{\"@type\":\"WebPage\",\"@id\":\"https:\\\/\\\/histoire.easyaccess2web.com\\\/vespa\\\/2021\\\/07\\\/04\\\/rallye-vc-grimbergen-2021-75e-anniversaire-de-vespa\\\/\",\"url\":\"https:\\\/\\\/histoire.easyaccess2web.com\\\/vespa\\\/2021\\\/07\\\/04\\\/rallye-vc-grimbergen-2021-75e-anniversaire-de-vespa\\\/\",\"name\":\"Rallye VC Grimbergen 2021 - 75e Anniversaire de la Vespa - vespa\",\"isPartOf\":{\"@id\":\"https:\\\/\\\/histoire.easyaccess2web.com\\\/vespa\\\/#website\"},\"primaryImageOfPage\":{\"@id\":\"https:\\\/\\\/histoire.easyaccess2web.com\\\/vespa\\\/2021\\\/07\\\/04\\\/rallye-vc-grimbergen-2021-75e-anniversaire-de-vespa\\\/#primaryimage\"},\"image\":{\"@id\":\"https:\\\/\\\/histoire.easyaccess2web.com\\\/vespa\\\/2021\\\/07\\\/04\\\/rallye-vc-grimbergen-2021-75e-anniversaire-de-vespa\\\/#primaryimage\"},\"thumbnailUrl\":\"https:\\\/\\\/histoire.easyaccess2web.com\\\/vespa\\\/wp-content\\\/uploads\\\/sites\\\/40\\\/2021\\\/07\\\/Rallye-VC-Grimbergen-2021-75e-anniversaire-de-la-Vespa.jpg\",\"datePublished\":\"2021-07-04T21:35:51+00:00\",\"author\":{\"@id\":\"https:\\\/\\\/histoire.easyaccess2web.com\\\/vespa\\\/#\\\/schema\\\/person\\\/25de937c7fdb73f59fd4688e77e80a52\"},\"breadcrumb\":{\"@id\":\"https:\\\/\\\/histoire.easyaccess2web.com\\\/vespa\\\/2021\\\/07\\\/04\\\/rallye-vc-grimbergen-2021-75e-anniversaire-de-vespa\\\/#breadcrumb\"},\"inLanguage\":\"fr-FR\",\"potentialAction\":[{\"@type\":\"ReadAction\",\"target\":[\"https:\\\/\\\/histoire.easyaccess2web.com\\\/vespa\\\/2021\\\/07\\\/04\\\/rallye-vc-grimbergen-2021-75e-anniversaire-de-vespa\\\/\"]}]},{\"@type\":\"ImageObject\",\"inLanguage\":\"fr-FR\",\"@id\":\"https:\\\/\\\/histoire.easyaccess2web.com\\\/vespa\\\/2021\\\/07\\\/04\\\/rallye-vc-grimbergen-2021-75e-anniversaire-de-vespa\\\/#primaryimage\",\"url\":\"https:\\\/\\\/histoire.easyaccess2web.com\\\/vespa\\\/wp-content\\\/uploads\\\/sites\\\/40\\\/2021\\\/07\\\/Rallye-VC-Grimbergen-2021-75e-anniversaire-de-la-Vespa.jpg\",\"contentUrl\":\"https:\\\/\\\/histoire.easyaccess2web.com\\\/vespa\\\/wp-content\\\/uploads\\\/sites\\\/40\\\/2021\\\/07\\\/Rallye-VC-Grimbergen-2021-75e-anniversaire-de-la-Vespa.jpg\",\"width\":1080,\"height\":1104},{\"@type\":\"BreadcrumbList\",\"@id\":\"https:\\\/\\\/histoire.easyaccess2web.com\\\/vespa\\\/2021\\\/07\\\/04\\\/rallye-vc-grimbergen-2021-75e-anniversaire-de-vespa\\\/#breadcrumb\",\"itemListElement\":[{\"@type\":\"ListItem\",\"position\":1,\"name\":\"Accueil\",\"item\":\"https:\\\/\\\/histoire.easyaccess2web.com\\\/vespa\\\/\"},{\"@type\":\"ListItem\",\"position\":2,\"name\":\"Rallye VC Grimbergen 2021 &#8211; 75e Anniversaire de la Vespa\"}]},{\"@type\":\"WebSite\",\"@id\":\"https:\\\/\\\/histoire.easyaccess2web.com\\\/vespa\\\/#website\",\"url\":\"https:\\\/\\\/histoire.easyaccess2web.com\\\/vespa\\\/\",\"name\":\"vespa\",\"description\":\"\",\"potentialAction\":[{\"@type\":\"SearchAction\",\"target\":{\"@type\":\"EntryPoint\",\"urlTemplate\":\"https:\\\/\\\/histoire.easyaccess2web.com\\\/vespa\\\/?s={search_term_string}\"},\"query-input\":{\"@type\":\"PropertyValueSpecification\",\"valueRequired\":true,\"valueName\":\"search_term_string\"}}],\"inLanguage\":\"fr-FR\"},{\"@type\":\"Person\",\"@id\":\"https:\\\/\\\/histoire.easyaccess2web.com\\\/vespa\\\/#\\\/schema\\\/person\\\/25de937c7fdb73f59fd4688e77e80a52\",\"name\":\"vespamons\",\"image\":{\"@type\":\"ImageObject\",\"inLanguage\":\"fr-FR\",\"@id\":\"https:\\\/\\\/secure.gravatar.com\\\/avatar\\\/?s=96&d=mm&r=g\",\"url\":\"https:\\\/\\\/secure.gravatar.com\\\/avatar\\\/?s=96&d=mm&r=g\",\"contentUrl\":\"https:\\\/\\\/secure.gravatar.com\\\/avatar\\\/?s=96&d=mm&r=g\",\"caption\":\"vespamons\"},\"url\":\"https:\\\/\\\/histoire.easyaccess2web.com\\\/vespa\\\/author\\\/vespamons\\\/\"}]}<\/script>\n<!-- \/ Yoast SEO plugin. -->","yoast_head_json":{"title":"Rallye VC Grimbergen 2021 - 75e Anniversaire de la Vespa - vespa","robots":{"index":"index","follow":"follow","max-snippet":"max-snippet:-1","max-image-preview":"max-image-preview:large","max-video-preview":"max-video-preview:-1"},"canonical":"https:\/\/histoire.easyaccess2web.com\/vespa\/2021\/07\/04\/rallye-vc-grimbergen-2021-75e-anniversaire-de-vespa\/","og_locale":"fr_FR","og_type":"article","og_title":"Rallye VC Grimbergen 2021 - 75e Anniversaire de la Vespa - vespa","og_description":"[vc_row][vc_column width=\u00a0\u00bb1\/1&Prime;][vc_column_text]Pratiquement 1 des premiers Rallyes officiels de cette saison encore bien perturb\u00e9e par les mesures sanitaires, le Vespa Club Grimbergen et son Pr\u00e9sident, Super Mario Catapano, nous avaient donn\u00e9 rendez-vous pour f\u00eater \u00e0 l&rsquo;occasion de leur Rallye annuel le 75e Anniversaire de la Vespa....","og_url":"https:\/\/histoire.easyaccess2web.com\/vespa\/2021\/07\/04\/rallye-vc-grimbergen-2021-75e-anniversaire-de-vespa\/","og_site_name":"vespa","article_published_time":"2021-07-04T21:35:51+00:00","og_image":[{"width":1080,"height":1104,"url":"https:\/\/histoire.easyaccess2web.com\/vespa\/wp-content\/uploads\/sites\/40\/2021\/07\/Rallye-VC-Grimbergen-2021-75e-anniversaire-de-la-Vespa.jpg","type":"image\/jpeg"}],"author":"vespamons","twitter_card":"summary_large_image","twitter_misc":{"\u00c9crit par":"vespamons","Dur\u00e9e de lecture estim\u00e9e":"1 minute"},"schema":{"@context":"https:\/\/schema.org","@graph":[{"@type":"Article","@id":"https:\/\/histoire.easyaccess2web.com\/vespa\/2021\/07\/04\/rallye-vc-grimbergen-2021-75e-anniversaire-de-vespa\/#article","isPartOf":{"@id":"https:\/\/histoire.easyaccess2web.com\/vespa\/2021\/07\/04\/rallye-vc-grimbergen-2021-75e-anniversaire-de-vespa\/"},"author":{"name":"vespamons","@id":"https:\/\/histoire.easyaccess2web.com\/vespa\/#\/schema\/person\/25de937c7fdb73f59fd4688e77e80a52"},"headline":"Rallye VC Grimbergen 2021 &#8211; 75e Anniversaire de la Vespa","datePublished":"2021-07-04T21:35:51+00:00","mainEntityOfPage":{"@id":"https:\/\/histoire.easyaccess2web.com\/vespa\/2021\/07\/04\/rallye-vc-grimbergen-2021-75e-anniversaire-de-vespa\/"},"wordCount":267,"commentCount":0,"image":{"@id":"https:\/\/histoire.easyaccess2web.com\/vespa\/2021\/07\/04\/rallye-vc-grimbergen-2021-75e-anniversaire-de-vespa\/#primaryimage"},"thumbnailUrl":"https:\/\/histoire.easyaccess2web.com\/vespa\/wp-content\/uploads\/sites\/40\/2021\/07\/Rallye-VC-Grimbergen-2021-75e-anniversaire-de-la-Vespa.jpg","articleSection":["news"],"inLanguage":"fr-FR","potentialAction":[{"@type":"CommentAction","name":"Comment","target":["https:\/\/histoire.easyaccess2web.com\/vespa\/2021\/07\/04\/rallye-vc-grimbergen-2021-75e-anniversaire-de-vespa\/#respond"]}]},{"@type":"WebPage","@id":"https:\/\/histoire.easyaccess2web.com\/vespa\/2021\/07\/04\/rallye-vc-grimbergen-2021-75e-anniversaire-de-vespa\/","url":"https:\/\/histoire.easyaccess2web.com\/vespa\/2021\/07\/04\/rallye-vc-grimbergen-2021-75e-anniversaire-de-vespa\/","name":"Rallye VC Grimbergen 2021 - 75e Anniversaire de la Vespa - vespa","isPartOf":{"@id":"https:\/\/histoire.easyaccess2web.com\/vespa\/#website"},"primaryImageOfPage":{"@id":"https:\/\/histoire.easyaccess2web.com\/vespa\/2021\/07\/04\/rallye-vc-grimbergen-2021-75e-anniversaire-de-vespa\/#primaryimage"},"image":{"@id":"https:\/\/histoire.easyaccess2web.com\/vespa\/2021\/07\/04\/rallye-vc-grimbergen-2021-75e-anniversaire-de-vespa\/#primaryimage"},"thumbnailUrl":"https:\/\/histoire.easyaccess2web.com\/vespa\/wp-content\/uploads\/sites\/40\/2021\/07\/Rallye-VC-Grimbergen-2021-75e-anniversaire-de-la-Vespa.jpg","datePublished":"2021-07-04T21:35:51+00:00","author":{"@id":"https:\/\/histoire.easyaccess2web.com\/vespa\/#\/schema\/person\/25de937c7fdb73f59fd4688e77e80a52"},"breadcrumb":{"@id":"https:\/\/histoire.easyaccess2web.com\/vespa\/2021\/07\/04\/rallye-vc-grimbergen-2021-75e-anniversaire-de-vespa\/#breadcrumb"},"inLanguage":"fr-FR","potentialAction":[{"@type":"ReadAction","target":["https:\/\/histoire.easyaccess2web.com\/vespa\/2021\/07\/04\/rallye-vc-grimbergen-2021-75e-anniversaire-de-vespa\/"]}]},{"@type":"ImageObject","inLanguage":"fr-FR","@id":"https:\/\/histoire.easyaccess2web.com\/vespa\/2021\/07\/04\/rallye-vc-grimbergen-2021-75e-anniversaire-de-vespa\/#primaryimage","url":"https:\/\/histoire.easyaccess2web.com\/vespa\/wp-content\/uploads\/sites\/40\/2021\/07\/Rallye-VC-Grimbergen-2021-75e-anniversaire-de-la-Vespa.jpg","contentUrl":"https:\/\/histoire.easyaccess2web.com\/vespa\/wp-content\/uploads\/sites\/40\/2021\/07\/Rallye-VC-Grimbergen-2021-75e-anniversaire-de-la-Vespa.jpg","width":1080,"height":1104},{"@type":"BreadcrumbList","@id":"https:\/\/histoire.easyaccess2web.com\/vespa\/2021\/07\/04\/rallye-vc-grimbergen-2021-75e-anniversaire-de-vespa\/#breadcrumb","itemListElement":[{"@type":"ListItem","position":1,"name":"Accueil","item":"https:\/\/histoire.easyaccess2web.com\/vespa\/"},{"@type":"ListItem","position":2,"name":"Rallye VC Grimbergen 2021 &#8211; 75e Anniversaire de la Vespa"}]},{"@type":"WebSite","@id":"https:\/\/histoire.easyaccess2web.com\/vespa\/#website","url":"https:\/\/histoire.easyaccess2web.com\/vespa\/","name":"vespa","description":"","potentialAction":[{"@type":"SearchAction","target":{"@type":"EntryPoint","urlTemplate":"https:\/\/histoire.easyaccess2web.com\/vespa\/?s={search_term_string}"},"query-input":{"@type":"PropertyValueSpecification","valueRequired":true,"valueName":"search_term_string"}}],"inLanguage":"fr-FR"},{"@type":"Person","@id":"https:\/\/histoire.easyaccess2web.com\/vespa\/#\/schema\/person\/25de937c7fdb73f59fd4688e77e80a52","name":"vespamons","image":{"@type":"ImageObject","inLanguage":"fr-FR","@id":"https:\/\/secure.gravatar.com\/avatar\/?s=96&d=mm&r=g","url":"https:\/\/secure.gravatar.com\/avatar\/?s=96&d=mm&r=g","contentUrl":"https:\/\/secure.gravatar.com\/avatar\/?s=96&d=mm&r=g","caption":"vespamons"},"url":"https:\/\/histoire.easyaccess2web.com\/vespa\/author\/vespamons\/"}]}},"_links":{"self":[{"href":"https:\/\/histoire.easyaccess2web.com\/vespa\/wp-json\/wp\/v2\/posts\/21161","targetHints":{"allow":["GET"]}}],"collection":[{"href":"https:\/\/histoire.easyaccess2web.com\/vespa\/wp-json\/wp\/v2\/posts"}],"about":[{"href":"https:\/\/histoire.easyaccess2web.com\/vespa\/wp-json\/wp\/v2\/types\/post"}],"author":[{"embeddable":true,"href":"https:\/\/histoire.easyaccess2web.com\/vespa\/wp-json\/wp\/v2\/users\/650"}],"replies":[{"embeddable":true,"href":"https:\/\/histoire.easyaccess2web.com\/vespa\/wp-json\/wp\/v2\/comments?post=21161"}],"version-history":[{"count":0,"href":"https:\/\/histoire.easyaccess2web.com\/vespa\/wp-json\/wp\/v2\/posts\/21161\/revisions"}],"wp:featuredmedia":[{"embeddable":true,"href":"https:\/\/histoire.easyaccess2web.com\/vespa\/wp-json\/wp\/v2\/media\/21160"}],"wp:attachment":[{"href":"https:\/\/histoire.easyaccess2web.com\/vespa\/wp-json\/wp\/v2\/media?parent=21161"}],"wp:term":[{"taxonomy":"category","embeddable":true,"href":"https:\/\/histoire.easyaccess2web.com\/vespa\/wp-json\/wp\/v2\/categories?post=21161"},{"taxonomy":"post_tag","embeddable":true,"href":"https:\/\/histoire.easyaccess2web.com\/vespa\/wp-json\/wp\/v2\/tags?post=21161"}],"curies":[{"name":"wp","href":"https:\/\/api.w.org\/{rel}","templated":true}]}}